{"id":5825,"date":"2021-12-27T12:47:02","date_gmt":"2021-12-27T17:47:02","guid":{"rendered":"https:\/\/www.culturaltraslahuella.com\/?p=5825"},"modified":"2021-12-27T17:19:34","modified_gmt":"2021-12-27T22:19:34","slug":"piedra-de-toque-editorial","status":"publish","type":"post","link":"https:\/\/www.culturaltraslahuella.com\/en\/piedra-de-toque-editorial\/","title":{"rendered":"Piedra de toque editorial"},"content":{"rendered":"<div data-elementor-type=\"wp-post\" data-elementor-id=\"5825\" class=\"elementor elementor-5825\" data-elementor-settings=\"{&quot;page_masthead_image_height&quot;:{&quot;unit&quot;:&quot;px&quot;,&quot;size&quot;:900,&quot;sizes&quot;:[]},&quot;page_masthead_image_height_tablet&quot;:{&quot;unit&quot;:&quot;vh&quot;,&quot;size&quot;:70,&quot;sizes&quot;:[]},&quot;page_masthead_image_height_mobile&quot;:{&quot;unit&quot;:&quot;vh&quot;,&quot;size&quot;:50,&quot;sizes&quot;:[]},&quot;page_masthead_background_position_x&quot;:{&quot;unit&quot;:&quot;%&quot;,&quot;size&quot;:50,&quot;sizes&quot;:[]},&quot;page_masthead_background_position_x_tablet&quot;:{&quot;unit&quot;:&quot;%&quot;,&quot;size&quot;:50,&quot;sizes&quot;:[]},&quot;page_masthead_background_position_x_mobile&quot;:{&quot;unit&quot;:&quot;%&quot;,&quot;size&quot;:50,&quot;sizes&quot;:[]},&quot;page_masthead_background_position_y&quot;:{&quot;unit&quot;:&quot;%&quot;,&quot;size&quot;:50,&quot;sizes&quot;:[]},&quot;page_masthead_background_position_y_tablet&quot;:{&quot;unit&quot;:&quot;%&quot;,&quot;size&quot;:50,&quot;sizes&quot;:[]},&quot;page_masthead_background_position_y_mobile&quot;:{&quot;unit&quot;:&quot;%&quot;,&quot;size&quot;:50,&quot;sizes&quot;:[]},&quot;rhye_hide_title_disabled&quot;:&quot;yes&quot;}\">\n\t\t\t\t\t\t<section class=\"elementor-section elementor-top-section elementor-element elementor-element-5a70277 elementor-section-boxed elementor-section-height-default elementor-section-height-default\" data-id=\"5a70277\" data-element_type=\"section\" data-e-type=\"section\">\n\t\t\t\t\t\t<div class=\"elementor-container elementor-column-gap-default\">\n\t\t\t\t\t<div class=\"elementor-column elementor-col-100 elementor-top-column elementor-element elementor-element-0bd525e\" data-id=\"0bd525e\" data-element_type=\"column\" data-e-type=\"column\">\n\t\t\t<div class=\"elementor-widget-wrap elementor-element-populated\">\n\t\t\t\t\t\t<div class=\"elementor-element elementor-element-449e3f1 elementor-widget elementor-widget-rhye-widget-content-block\" data-id=\"449e3f1\" data-element_type=\"widget\" data-e-type=\"widget\" data-widget_type=\"rhye-widget-content-block.default\">\n\t\t\t\t<div class=\"elementor-widget-container\">\n\t\t\t\t\t\n\t\t<div class=\"section section-content clearfix\" data-arts-os-animation=\"true\">\n\t\t\t\t\t\t<div class=\"section-content__inner\">\n\t\t\t\t\t\t\t\t\t<div class=\"section-content__wrapper-heading\">\n\t\t\t\t\t\t\t\t\t\t\t\t\t<div class=\"section__headline mb-1 mb-md-2\"><\/div>\n\t\t\t\t\t\t\t<div class=\"w-100\"><\/div>\n\t\t\t\t\t\t\t\t\t\t\t\t\t\t\t\t\t\t\t<div class=\"section-content__heading split-text js-split-text\" data-split-text-type=\"lines,words\" data-split-text-set=\"words\"><h3 style=\"text-align: left;\"><span style=\"color: #000000;\"><b>Piedra de toque - Editorial independiente<\/b><\/span><\/h3><h3 style=\"text-align: left;\"><span style=\"color: #000000;\"><b>13 a\u00f1os insistiendo en cumplir sue\u00f1os<\/b><b>\u00a0<\/b><\/span><\/h3><\/div>\n\t\t\t\t\t\t\t\t\t\t\t<\/div>\n\t\t\t\t\t\t\t\t\t\t\t\t\t\t\t<\/div>\n\t\t\t\t\t\t\t\t\t\t\t\t\t\t<\/div>\n\n\t\t\t\t\t\t<\/div>\n\t\t\t\t<\/div>\n\t\t\t\t\t<\/div>\n\t\t<\/div>\n\t\t\t\t\t<\/div>\n\t\t<\/section>\n\t\t\t\t<section class=\"elementor-section elementor-top-section elementor-element elementor-element-ba8aad2 elementor-section-boxed elementor-section-height-default elementor-section-height-default\" data-id=\"ba8aad2\" data-element_type=\"section\" data-e-type=\"section\">\n\t\t\t\t\t\t<div class=\"elementor-container elementor-column-gap-default\">\n\t\t\t\t\t<div class=\"elementor-column elementor-col-100 elementor-top-column elementor-element elementor-element-70d02047\" data-id=\"70d02047\" data-element_type=\"column\" data-e-type=\"column\">\n\t\t\t<div class=\"elementor-widget-wrap elementor-element-populated\">\n\t\t\t\t\t\t<div class=\"elementor-element elementor-element-2b82482d elementor-widget elementor-widget-text-editor\" data-id=\"2b82482d\" data-element_type=\"widget\" data-e-type=\"widget\" data-widget_type=\"text-editor.default\">\n\t\t\t\t<div class=\"elementor-widget-container\">\n\t\t\t\t\t\t\t\t\t<p><span style=\"font-weight: 400; color: #000000;\">\u201cMientras ustedes se quejan, nosotros publicamos\u201d\u00a0<\/span><\/p><p><span style=\"font-weight: 400; color: #000000;\">Mario Lozano.\u00a0<\/span><\/p><p><span style=\"color: #000000;\"><span style=\"font-weight: 400;\">Abrimos esta reflexi\u00f3n con la frase\u00a0 del\u00a0 m\u00fasico Mario Lozano, de la banda bogotana <\/span><i><span style=\"font-weight: 400;\">Cuatroespantos<\/span><\/i><span style=\"font-weight: 400;\"> (amigo de la casa) pues es muy f\u00e1cil escuchar\u00a0 sobre lo dif\u00edcil que es publicar\u00a0 y\u00a0 de\u00a0 las pocas o nulas\u00a0 oportunidades\u00a0 que tienen\u00a0 los nuevos autores y autoras\u00a0 para hacerlo,\u00a0 y aqu\u00ed hay algo de verdad claro, si lo abordamos desde el negocio de las grandes editoriales que solo se encargan de publicar escritores de trayectoria o de\u00a0 renombre; pero si vemos m\u00e1s all\u00e1 de estos reflectores que parecen acaparar el mundo de la edici\u00f3n de libros, podemos encontrar que en los \u00faltimos a\u00f1os han nacido \u00a0 iniciativas de proyectos editoriales independientes que en silencio, artesanalmente y casi que en un trabajo subterr\u00e1neo, est\u00e1n trabajando con la idea de abrir espacios para que los autores y autoras que van llegando a la escena literaria, puedan publicar un libro con el cual compartir sus obras con el mundo.\u00a0 La mayor\u00eda de estas iniciativas est\u00e1n dirigidas por gestores y\/o los mismos escritores y escritoras, que en un acto de generosidad con el arte, ponen su empe\u00f1o en sacar adelante estos barcos cargados de libros, que aunque no cumplen con grandes registros de ventas, si logran encontrar lectores; quiz\u00e1s\u00a0 la finalidad m\u00e1s importante, por lo menos para muchos de los que trabajamos con las u\u00f1as y\u00a0 de manera muy profesional\u00a0 en lo denominado \u201cindependiente\u201d.\u00a0<\/span><\/span><\/p><p><span style=\"color: #000000;\"><span style=\"font-weight: 400;\">Es aqu\u00ed donde aparece <\/span><b>Piedra de Toque editorial<\/b><span style=\"font-weight: 400;\">; un proyecto que nace en Bogot\u00e1 Colombia en el a\u00f1o 2008, con el objetivo de apoyar el trabajo de creaci\u00f3n literaria de escritores y escritoras emergentes. Inspirados en la filatelia, antiguos sellos postales y\u00a0 sobres, comienza la aventura de lo que hasta la fecha cuenta con m\u00e1s de 20 t\u00edtulos\u00a0 publicados y cuatro colecciones: <\/span><i><span style=\"font-weight: 400;\">Estampillas po\u00e9ticas, agua tinta, tinta negra y\u00a0 colecci\u00f3n especial<\/span><\/i><span style=\"font-weight: 400;\">, as\u00ed como el medio de publicaci\u00f3n alternativa: <\/span><i><span style=\"font-weight: 400;\">Los sobres de primer d\u00eda.\u00a0<\/span><\/i><\/span><\/p><p><span style=\"font-weight: 400; color: #000000;\">Hasta el momento\u00a0 hemos\u00a0 publicado\u00a0 solo\u00a0 libros de poes\u00eda, pero la puerta est\u00e1 abierta a otros g\u00e9neros. Cada colecci\u00f3n cuenta con un formato\u00a0 y unas caracter\u00edsticas espec\u00edficas, est\u00e1s se eligen en conversaci\u00f3n con los autores y autoras dependiendo de sus necesidades y gustos.\u00a0\u00a0<\/span><\/p><p><span style=\"color: #000000;\"><span style=\"font-weight: 400;\">Aliados como algunas librer\u00edas independientes, amigos y amigas del arte y la cultura han sido fundamentales en este camino, pero sobretodo la confianza que cada autor y\u00a0 autora ha depositado en el proyecto; sin ella, no habr\u00edamos llegado tan lejos. En palabras del poeta Fabio Delgado, autor de nuestro proyecto editorial con su libro <\/span><i><span style=\"font-weight: 400;\">Asma;<\/span><\/i><span style=\"font-weight: 400;\"> \u201cTodo aquel que entra a Piedra de toque, entra como si fuera parte de la familia\u201d y s\u00ed,\u00a0 podemos decirlo con total honestidad y emoci\u00f3n; hemos construido eso. Una familia en la que se siente calor de hogar y confianza, en la que las rivalidades entre escritores no existen\u00a0 porque al que llega se le abraza y se le respeta.\u00a0<\/span><\/span><\/p><p><span style=\"color: #000000;\"><span style=\"font-weight: 400;\">Dentro de nuestros t\u00edtulos contamos con<\/span><i><span style=\"font-weight: 400;\">: El arte de olvidar<\/span><\/i><span style=\"font-weight: 400;\"> de Yonny Vanegas, <\/span><i><span style=\"font-weight: 400;\">Sobres sin carta<\/span><\/i><span style=\"font-weight: 400;\"> de Carlos Contreras, <\/span><i><span style=\"font-weight: 400;\">Prolongaci\u00f3n\u00a0 bajo la lluvia<\/span><\/i><span style=\"font-weight: 400;\">\u00a0 de\u00a0 Laura Castillo, <\/span><i><span style=\"font-weight: 400;\">Mediaciones de la locura<\/span><\/i><span style=\"font-weight: 400;\">\u00a0 de\u00a0 Jhonattan Caicedo,\u00a0 <\/span><i><span style=\"font-weight: 400;\">Almanaque Bristol 1987 <\/span><\/i><span style=\"font-weight: 400;\">de Alejandro Cort\u00e9s , <\/span><i><span style=\"font-weight: 400;\">Bruma<\/span><\/i><span style=\"font-weight: 400;\"> de Omar Garz\u00f3n, <\/span><i><span style=\"font-weight: 400;\">Coraz\u00f3n de vientre<\/span><\/i><span style=\"font-weight: 400;\"> de Fernando Guti\u00e9rrez y <\/span><i><span style=\"font-weight: 400;\">La abuela un pueblo teji\u00f3<\/span><\/i><span style=\"font-weight: 400;\">\u00a0 de la agrupaci\u00f3n Verde Monte; recientemente fueron publicados <\/span><i><span style=\"font-weight: 400;\">Aprendiz de Oficio<\/span><\/i><span style=\"font-weight: 400;\"> de Alex\u00e1nder Buitrago, <\/span><i><span style=\"font-weight: 400;\">Grieta de tarde<\/span><\/i><span style=\"font-weight: 400;\"> de Alejandro Acevedo, <\/span><i><span style=\"font-weight: 400;\">Zalamera <\/span><\/i><span style=\"font-weight: 400;\">de Estefania Almonacid, y se est\u00e1 trabajando para que pr\u00f3ximamente vea la luz el poemario <\/span><i><span style=\"font-weight: 400;\">El cielo sangra,<\/span><\/i><span style=\"font-weight: 400;\"> del autor boyacense Juan Sebasti\u00e1n Paco.\u00a0<\/span><\/span><\/p><p><span style=\"color: #000000;\"><span style=\"font-weight: 400;\">Muchos factores se han presentado en los dos \u00faltimos a\u00f1os, entre ellos la pandemia mundial, pero ni el Covid-19\u00a0 logr\u00f3 que dej\u00e1ramos de so\u00f1ar con ver nuestros libros publicados; seguimos creyendo que hay que insistir en proyectos e ideas que nos devuelvan la fe en las cosas positivas que tenemos como naci\u00f3n; como humanidad.\u00a0 <\/span><i><span style=\"font-weight: 400;\">Mientras los dem\u00e1s se quejan, nosotros seguimos publicando<\/span><\/i><span style=\"font-weight: 400;\"> para sobrevivir a la barbarie, a la muerte, a la oscuridad que nos ronda; seguimos publicando para apoyar a los que como nosotros no tienen miedo en arriesgarse. Qu\u00e9 si\u00a0 los autores y autoras\u00a0 publicados son buenos o malos, eso nunca nos ha preocupado; respetamos las ideas y\u00a0 la esencia\u00a0 de cada ser humano, sabemos hacer libros y amamos lo que hacemos; no somos jueces, ni entramos en las trampas de la cr\u00edtica literaria.\u00a0 Que\u00a0 sean los lectores y lectoras\u00a0 de cada una de las obras los y las que hablen.\u00a0<\/span><\/span><\/p><p><span style=\"color: #000000;\"><span style=\"font-weight: 400;\">Encu\u00e9ntranos en Facebook como: <\/span><b>Piedra de Toque Editorial;<\/b><span style=\"font-weight: 400;\"> adem\u00e1s en este video documental, conocer\u00e1s algunas impresiones de nuestro proceso:\u00a0<\/span><\/span><\/p><p><span style=\"color: #000000;\"><b>https:\/\/www.youtube.com\/watch?v=o3GEonZrFcQ<\/b><\/span><\/p>\t\t\t\t\t\t\t\t<\/div>\n\t\t\t\t<\/div>\n\t\t\t\t\t<\/div>\n\t\t<\/div>\n\t\t\t\t\t<\/div>\n\t\t<\/section>\n\t\t\t\t<\/div>","protected":false},"excerpt":{"rendered":"<p>Piedra de toque &#8211; Editorial independiente 13 a\u00f1os insistiendo en cumplir sue\u00f1os&nbsp; \u201cMientras ustedes se quejan, nosotros publicamos\u201d&nbsp; Mario Lozano.&nbsp; Abrimos esta reflexi\u00f3n con la frase&nbsp; del&nbsp; m\u00fasico Mario Lozano, de la banda bogotana Cuatroespantos (amigo de la casa) pues es muy f\u00e1cil escuchar&nbsp; sobre lo dif\u00edcil que es publicar&nbsp; y&nbsp; de&nbsp; las pocas o [&hellip;]<\/p>\n","protected":false},"author":1,"featured_media":4192,"comment_status":"open","ping_status":"closed","sticky":false,"template":"","format":"standard","meta":{"_acf_changed":false,"_monsterinsights_skip_tracking":false,"_monsterinsights_sitenote_active":false,"_monsterinsights_sitenote_note":"","_monsterinsights_sitenote_category":0,"_jetpack_memberships_contains_paid_content":false,"footnotes":""},"categories":[73,72],"tags":[18,20,21],"class_list":["post-5825","post","type-post","status-publish","format-standard","has-post-thumbnail","hentry","category-articulos-previos","category-otros","tag-creative","tag-design","tag-develop"],"acf":[],"jetpack_featured_media_url":"https:\/\/www.culturaltraslahuella.com\/wp-content\/uploads\/2021\/10\/Piedradetoque.jpeg","jetpack_sharing_enabled":true,"_links":{"self":[{"href":"https:\/\/www.culturaltraslahuella.com\/en\/wp-json\/wp\/v2\/posts\/5825","targetHints":{"allow":["GET"]}}],"collection":[{"href":"https:\/\/www.culturaltraslahuella.com\/en\/wp-json\/wp\/v2\/posts"}],"about":[{"href":"https:\/\/www.culturaltraslahuella.com\/en\/wp-json\/wp\/v2\/types\/post"}],"author":[{"embeddable":true,"href":"https:\/\/www.culturaltraslahuella.com\/en\/wp-json\/wp\/v2\/users\/1"}],"replies":[{"embeddable":true,"href":"https:\/\/www.culturaltraslahuella.com\/en\/wp-json\/wp\/v2\/comments?post=5825"}],"version-history":[{"count":0,"href":"https:\/\/www.culturaltraslahuella.com\/en\/wp-json\/wp\/v2\/posts\/5825\/revisions"}],"wp:featuredmedia":[{"embeddable":true,"href":"https:\/\/www.culturaltraslahuella.com\/en\/wp-json\/wp\/v2\/media\/4192"}],"wp:attachment":[{"href":"https:\/\/www.culturaltraslahuella.com\/en\/wp-json\/wp\/v2\/media?parent=5825"}],"wp:term":[{"taxonomy":"category","embeddable":true,"href":"https:\/\/www.culturaltraslahuella.com\/en\/wp-json\/wp\/v2\/categories?post=5825"},{"taxonomy":"post_tag","embeddable":true,"href":"https:\/\/www.culturaltraslahuella.com\/en\/wp-json\/wp\/v2\/tags?post=5825"}],"curies":[{"name":"wp","href":"https:\/\/api.w.org\/{rel}","templated":true}]}}